{"id":1419,"date":"2013-01-02T20:16:24","date_gmt":"2013-01-02T20:16:24","guid":{"rendered":"http:\/\/utesla.cz\/?p=1419"},"modified":"2013-01-02T20:16:24","modified_gmt":"2013-01-02T20:16:24","slug":"seminar-projektu-idea-univerzity","status":"publish","type":"post","link":"https:\/\/utesla.cz\/gama\/?p=1419","title":{"rendered":"Semin\u00e1\u0159 projektu Idea Univerzity"},"content":{"rendered":"<p style=\"text-align: justify;\"><span style=\"color: #000000;\"><strong><img fetchpriority=\"high\" decoding=\"async\" class=\"alignleft size-full wp-image-1423\" title=\"psyche-delike2\" src=\"http:\/\/utesla.cz.fre02.vas-server.cz\/wp-content\/uploads\/psyche-delike2.png\" alt=\"\" width=\"228\" height=\"273\" \/>Univerzita Pardubice a Uskupen\u00ed TESLA zve v \u00fater\u00fd 8. ledna 2013 pedagogy a studenty v\u0161ech stup\u0148\u016f studia na dal\u0161\u00ed z cyklu mezioborov\u00fdch semin\u00e1\u0159\u016f projektu Idea Univerzity.<\/strong><\/span><\/p>\n<p style=\"text-align: justify;\"><span style=\"color: #000000;\">Semin\u00e1\u0159 <strong>&#8220;Psych\u00e9-Delik\u00e9&#8221;<\/strong> nab\u00edz\u00ed dialog filozof\u016f, v\u011bdc\u016f a um\u011blc\u016f, kte\u0159\u00ed formou kr\u00e1tk\u00fdch dynamick\u00fdch p\u0159edn\u00e1\u0161ek prezentuj\u00ed odli\u0161n\u00e9 oborov\u00e9 p\u0159\u00edstupy k fenom\u00e9nu du\u0161e, zm\u011bn\u011bn\u00fdch stav\u016f v\u011bdom\u00ed a (sebe)pozn\u00e1n\u00ed. Semin\u00e1\u0159 je zakon\u010den\u00fd neform\u00e1ln\u00ed diskus\u00ed.<\/span><span style=\"color: #000000;\"> Semin\u00e1\u0159 doprov\u00e1z\u00ed performace a ofici\u00e1ln\u00ed zah\u00e1jen\u00ed autorsk\u00e9 v\u00fdstavy Pavla Dosko\u010dila.<\/span><span style=\"color: #000000;\"> Semin\u00e1\u0159 se uskute\u010dn\u00ed v \u00fater\u00fd <strong>8. ledna. 2013<\/strong> v bistru Fakulty chemicko-technologick\u00e9 Univerzity Pardubice. Ve\u010derem prov\u00e1z\u00ed moder\u00e1tor M. Rejman.<\/span><\/p>\n<p><span style=\"color: #000000;\"><strong>&gt;&gt; Program:<\/strong><\/span><br \/>\n<span style=\"color: #000000;\"> Program zah\u00e1j\u00ed Petr Kalenda, prod\u011bkan FChT UPa, Alexandr Prokop, koordin\u00e1tor KA04 a Ale\u0161 Pr\u00e1zn\u00fd, vedouc\u00ed katedry filozofie a v\u011bcn\u00fd mana\u017eer projektu Idea Univerzity.<\/span><br \/>\n<span style=\"color: #000000;\"> <strong>&gt;&gt; 16:30 performance a zah\u00e1jen\u00ed v\u00fdstavy<\/strong> \u201e <a href=\"http:\/\/utesla.cz\/?p=1296\"><span style=\"color: #000000;\">LITTLE BLOWOUT \/ Mal\u00e1 \u017eranice<\/span><\/a> \u201c Pavla Dosko\u010dila<\/span><br \/>\n<span style=\"color: #000000;\"> <strong>&gt;&gt;17:00 p\u0159edn\u00e1\u0161ky &#8220;Psych\u00e9-Delik\u00e9&#8221;<\/strong> filozof\u016f, v\u011bdc\u016f a um\u011blc\u016f: Jany Jetmarov\u00e9, Petra Kalendy, Pavla Jetensk\u00e9ho, Martiny V\u00edtkov\u00e9, Tom\u00e1\u0161e Hejduka, Daniela Cvejna, Pavla Dosko\u010dila, Alexandra Prokopa, V\u00edta Bou\u010dka a dal\u0161\u00edch.<\/span><br \/>\n<span style=\"color: #000000;\"> <strong>&gt;&gt; 20:00 diskuse s ob\u010derstven\u00edm.<\/strong><\/span><\/p>\n<p style=\"text-align: justify;\"><span style=\"color: #000000;\"><strong>&gt;&gt; Nab\u00eddka:<\/strong> Multimedi\u00e1ln\u00ed workshopy V\u00e1m nab\u00edz\u00ed\u00a0 tr\u00e9nink a inspiraci jak sv\u016fj obor obohatit o jinou optiku vn\u00edm\u00e1n\u00ed, jak upoutat poslucha\u010de prezentac\u00ed sv\u00e9ho oboru a jak ho zaj\u00edmav\u011b komunikovat v nov\u00fdch\u00a0 souvislostech. Ve workshopu\u00a0 V\u00e1s povedou odborn\u00edci na filozoficko &#8211; v\u011bdecko &#8211; um\u011bleckou animaci. Zapojte se!. Hl\u00e1sit se m\u016f\u017eete na 604 630 297. <em>Po\u010det \u00fa\u010dastn\u00edk\u016f omezen.<\/em><\/span><\/p>\n<p><span style=\"color: #000000;\">V\u00edce na <a href=\"http:\/\/projekty.upce.cz\/idea\/\" target=\"_blank\">http:\/\/projekty.upce.cz\/idea\/<\/a> nebo\u00a0 <a href=\"http:\/\/utesla.cz\/\" target=\"_blank\">www.utesla.cz<\/a><\/span><\/p>\n<p><span style=\"color: #000000;\"><a title=\"Idea Univerzity\" href=\"http:\/\/projekty.upce.cz\/idea\/\" target=\"_blank\"><span style=\"color: #000000;\"><img decoding=\"async\" class=\"alignleft size-full wp-image-1437\" title=\"loga\" src=\"http:\/\/utesla.cz.fre02.vas-server.cz\/wp-content\/uploads\/loga.png\" alt=\"\" width=\"570\" height=\"95\" \/><\/span><\/a><\/span><\/p>\n","protected":false},"excerpt":{"rendered":"<p>Univerzita Pardubice a Uskupen\u00ed TESLA zve v \u00fater\u00fd 8. ledna 2013 pedagogy a studenty v\u0161ech stup\u0148\u016f studia na dal\u0161\u00ed z cyklu mezioborov\u00fdch semin\u00e1\u0159\u016f projektu Idea Univerzity. Semin\u00e1\u0159 &#8220;Psych\u00e9-Delik\u00e9&#8221; nab\u00edz\u00ed dialog filozof\u016f, v\u011bdc\u016f a um\u011blc\u016f, kte\u0159\u00ed formou kr\u00e1tk\u00fdch dynamick\u00fdch p\u0159edn\u00e1\u0161ek prezentuj\u00ed odli\u0161n\u00e9 oborov\u00e9 p\u0159\u00edstupy k fenom\u00e9nu du\u0161e, zm\u011bn\u011bn\u00fdch stav\u016f v\u011bdom\u00ed a (sebe)pozn\u00e1n\u00ed. Semin\u00e1\u0159 je zakon\u010den\u00fd neform\u00e1ln\u00ed [&hellip;]<\/p>\n","protected":false},"author":5,"featured_media":1423,"comment_status":"open","ping_status":"closed","sticky":false,"template":"","format":"standard","meta":{"site-sidebar-layout":"default","site-content-layout":"","ast-site-content-layout":"","site-content-style":"default","site-sidebar-style":"default","ast-global-header-display":"","ast-banner-title-visibility":"","ast-main-header-display":"","ast-hfb-above-header-display":"","ast-hfb-below-header-display":"","ast-hfb-mobile-header-display":"","site-post-title":"","ast-breadcrumbs-content":"","ast-featured-img":"","footer-sml-layout":"","theme-transparent-header-meta":"","adv-header-id-meta":"","stick-header-meta":"","header-above-stick-meta":"","header-main-stick-meta":"","header-below-stick-meta":"","astra-migrate-meta-layouts":"default","ast-page-background-enabled":"default","ast-page-background-meta":{"desktop":{"background-color":"var(--ast-global-color-4)","background-image":"","background-repeat":"repeat","background-position":"center center","background-size":"auto","background-attachment":"scroll","background-type":"","background-media":"","overlay-type":"","overlay-color":"","overlay-opacity":"","overlay-gradient":""},"tablet":{"background-color":"","background-image":"","background-repeat":"repeat","background-position":"center center","background-size":"auto","background-attachment":"scroll","background-type":"","background-media":"","overlay-type":"","overlay-color":"","overlay-opacity":"","overlay-gradient":""},"mobile":{"background-color":"","background-image":"","background-repeat":"repeat","background-position":"center center","background-size":"auto","background-attachment":"scroll","background-type":"","background-media":"","overlay-type":"","overlay-color":"","overlay-opacity":"","overlay-gradient":""}},"ast-content-background-meta":{"desktop":{"background-color":"var(--ast-global-color-5)","background-image":"","background-repeat":"repeat","background-position":"center center","background-size":"auto","background-attachment":"scroll","background-type":"","background-media":"","overlay-type":"","overlay-color":"","overlay-opacity":"","overlay-gradient":""},"tablet":{"background-color":"var(--ast-global-color-5)","background-image":"","background-repeat":"repeat","background-position":"center center","background-size":"auto","background-attachment":"scroll","background-type":"","background-media":"","overlay-type":"","overlay-color":"","overlay-opacity":"","overlay-gradient":""},"mobile":{"background-color":"var(--ast-global-color-5)","background-image":"","background-repeat":"repeat","background-position":"center center","background-size":"auto","background-attachment":"scroll","background-type":"","background-media":"","overlay-type":"","overlay-color":"","overlay-opacity":"","overlay-gradient":""}},"footnotes":""},"categories":[13,11,8,12],"tags":[],"class_list":["post-1419","post","type-post","status-publish","format-standard","has-post-thumbnail","hentry","category-actual","category-spolecnost-cat","category-umeni-cat","category-veda-cat"],"_links":{"self":[{"href":"https:\/\/utesla.cz\/gama\/index.php?rest_route=\/wp\/v2\/posts\/1419","targetHints":{"allow":["GET"]}}],"collection":[{"href":"https:\/\/utesla.cz\/gama\/index.php?rest_route=\/wp\/v2\/posts"}],"about":[{"href":"https:\/\/utesla.cz\/gama\/index.php?rest_route=\/wp\/v2\/types\/post"}],"author":[{"embeddable":true,"href":"https:\/\/utesla.cz\/gama\/index.php?rest_route=\/wp\/v2\/users\/5"}],"replies":[{"embeddable":true,"href":"https:\/\/utesla.cz\/gama\/index.php?rest_route=%2Fwp%2Fv2%2Fcomments&post=1419"}],"version-history":[{"count":0,"href":"https:\/\/utesla.cz\/gama\/index.php?rest_route=\/wp\/v2\/posts\/1419\/revisions"}],"wp:featuredmedia":[{"embeddable":true,"href":"https:\/\/utesla.cz\/gama\/index.php?rest_route=\/"}],"wp:attachment":[{"href":"https:\/\/utesla.cz\/gama\/index.php?rest_route=%2Fwp%2Fv2%2Fmedia&parent=1419"}],"wp:term":[{"taxonomy":"category","embeddable":true,"href":"https:\/\/utesla.cz\/gama\/index.php?rest_route=%2Fwp%2Fv2%2Fcategories&post=1419"},{"taxonomy":"post_tag","embeddable":true,"href":"https:\/\/utesla.cz\/gama\/index.php?rest_route=%2Fwp%2Fv2%2Ftags&post=1419"}],"curies":[{"name":"wp","href":"https:\/\/api.w.org\/{rel}","templated":true}]}}