{"id":207,"date":"2010-09-30T17:06:15","date_gmt":"2010-09-30T17:06:15","guid":{"rendered":"http:\/\/utesla.cz.fre02.vas-server.cz\/?p=207"},"modified":"2010-09-30T17:06:15","modified_gmt":"2010-09-30T17:06:15","slug":"gama-2010-2-podzimni-vernisaz-vystavy-9060-let-pardubicke-chemie","status":"publish","type":"post","link":"https:\/\/utesla.cz\/gama\/?p=207","title":{"rendered":"2. podzimn\u00ed vernis\u00e1\u017e v\u00fdstavy 90&#038;60 let pardubick\u00e9 chemie!"},"content":{"rendered":"<p><!--:en--><\/p>\n<\/p>\n<p><!--:--><!--:cs--><a href=\"http:\/\/utesla.cz.fre02.vas-server.cz\/wp-content\/uploads\/9060-pozvanka-rafael-s.jpg\"><\/a><a href=\"http:\/\/utesla.cz.fre02.vas-server.cz\/wp-content\/uploads\/9060-pozvanka-rafael-s1.jpg\"><\/a><a href=\"http:\/\/utesla.cz.fre02.vas-server.cz\/wp-content\/uploads\/9060-pozvanka-rafael-s1.jpg\"><\/a><a href=\"http:\/\/utesla.cz.fre02.vas-server.cz\/wp-content\/uploads\/9060-pozvanka-suska-s.jpg\"><\/a><a href=\"http:\/\/utesla.cz.fre02.vas-server.cz\/wp-content\/uploads\/9060-pozvanka-suska-s.jpg\"><\/a><a href=\"http:\/\/utesla.cz.fre02.vas-server.cz\/wp-content\/uploads\/9060-podzim-pozvanka-a.jpg\"><img decoding=\"async\" class=\"alignleft size-thumbnail wp-image-236\" title=\"90&amp;60-podzim-pozvanka-a\" src=\"http:\/\/utesla.cz.fre02.vas-server.cz\/wp-content\/uploads\/9060-podzim-pozvanka-a-150x150.jpg\" alt=\"\" width=\"150\" height=\"150\" \/><\/a>Uskupen\u00ed Tesla o.s. a Univerzita Pardubice, Fakulta chemicko-technologick\u00e1 V\u00e1s srde\u010dn\u011b zvou ve \u010dtvrtek 14. 10. 2010 v 17:30 na zah\u00e1jen\u00ed druh\u00e9 \u010d\u00e1sti autorsk\u00fdch v\u00fdstav ve foyer FChT Univerzity Pardubice<\/p>\n<p>90&amp;60 let pardubick\u00e9 chemie \/ podzimn\u00ed \u010d\u00e1st<\/p>\n<p><strong>Jarom\u00edr E. Brabenec, Lucie Far\u00e1\u0159ov\u00e1, Jakub Rafael a \u010cestm\u00edr Su\u0161ka<\/strong><br \/>\nobjekty, asambl\u00e1\u017ee, fotografie, interaktivn\u00ed instalace, grafika, kresby, otisky, textov\u00e9 instalace<\/p>\n<p><a href=\"http:\/\/utesla.cz.fre02.vas-server.cz\/wp-content\/uploads\/plakaty-infor-tabule-70x100cm-LQ-podzim-3.pdf\">Download<\/a><\/p>\n<p>Jednodenn\u00ed festival um\u011bn\u00ed, v\u011bdy, technologie a T\u0159et\u00ed kultury<\/p>\n<p>\/ \u00davodn\u00ed slovo:<br \/>\nMartina V\u00edtkov\u00e1 a V\u00edt Bou\u010dek, historici um\u011bn\u00ed<\/p>\n<p>\/ Program:<br \/>\n10:00 &#8211; 12:00 &#8211; St\u0159eln\u00e1 komora v Doubravic\u00edch<br \/>\nsemin\u00e1\u0159 &#8211; pouze pro p\u0159ihl\u00e1\u0161en\u00e9<\/p>\n<p>14:00 &#8211; 17:00 &#8211; Chy\u0165 to do bedny &#8211; v\u00fdtvarn\u00e1 d\u00edlna<br \/>\ngalerijn\u00ed animace Lucie Far\u00e1\u0159ov\u00e9<\/p>\n<p>17:30 &#8211; Zah\u00e1jen\u00ed v\u00fdstavy &#8211; komentovan\u00e1 prohl\u00eddka<\/p>\n<p>18:15 &#8211; Sound &#8211; hudebn\u00ed performance um\u011blce <a href=\"http:\/\/www.o----o.info\/\">2046<\/a> &#8211; \u010dlena skupiny ne \/<br \/>\nposluch\u00e1rna C2 na FChT UPa &#8211; retro noisov\u00e1 \u010d\u00e1st reperto\u00e1ru, zahran\u00e1 na prvn\u00ed elektronick\u00fd hudebn\u00ed n\u00e1stroj Thereminvox<\/p>\n<p>18:30 &#8211; Mal\u00fd Pe\u010da a velk\u00fd Ku\u010da uv\u00e1d\u011bj\u00ed<br \/>\nposluch\u00e1rna C2 na FChT UPa &#8211; skupinov\u00e1 p\u0159edn\u00e1\u0161ka um\u011blc\u016f, v\u011bdc\u016f, architekt\u016f, historik\u016f um\u011bn\u00ed a dal\u0161\u00edch profes\u00ed &#8211; \u0159\u00edd\u00ed \u0160\u00e1rka Zah\u00e1lkov\u00e1<\/p>\n<p><a href=\"http:\/\/www.utesla.cz\/retroskop.html\">RetroSKOP<\/a> &#8211; doprovodn\u00e1 v\u00fdstava<br \/>\nfotodokument 13 autor\u016f ze star\u00e9 budovy FChT UPa na n\u00e1m\u011bst\u00ed \u010cs. legi\u00ed<\/p>\n<p>Autorsk\u00e9 v\u00fdstavy jsou pokra\u010dov\u00e1n\u00edm cyklu instalac\u00ed 90 &amp; 60 galerijn\u00edho projektu GAMA, kter\u00e9 se konaj\u00ed v kontextu dvou v\u00fdznamn\u00fdch pardubick\u00fdch ud\u00e1lost\u00ed, kter\u00e9 si p\u0159ipom\u00edn\u00e1me pr\u00e1v\u011b v roce 2010. Jsou mal\u00fdm d\u00e1rkem k devades\u00e1t\u00e9mu v\u00fdro\u010d\u00ed zalo\u017een\u00ed Explosie a.s., tov\u00e1rny na l\u00e1tky v\u00fdbu\u0161n\u00e9 a \u0161edes\u00e1t\u00e9mu v\u00fdro\u010d\u00ed zalo\u017een\u00ed vysok\u00e9ho chemick\u00e9ho \u0161kolstv\u00ed. V\u00fdstavy poukazuj\u00ed na toto pr\u016fmyslov\u00e9 d\u011bdictv\u00ed Pardubic, na jednotliv\u00e9 kulturn\u00ed vrstvy spojen\u00e9 s chemi\u00ed jako v\u011bdou a v\u00fdzkumem, \u0161kolstv\u00edm, pr\u016fmyslem a industri\u00e1ln\u00edm prostorem.<\/p>\n<p>Z\u00e1\u0161titu p\u0159evzali d\u011bkan FCHT Univerzity Pardubice Petr Lo\u0161\u0165\u00e1k, gener\u00e1ln\u00ed \u0159editel Explosia a.s. Josef Tich\u00fd a n\u00e1m\u011bstkyn\u011b prim\u00e1tora MmP \u0160t\u011bp\u00e1nka Fra\u0148kov\u00e1.<\/p>\n<p>Fakulta chemicko-technologick\u00e1<br \/>\nUniverzity Pardubice, Studentsk\u00e1 95<br \/>\n532 10 Pardubice, \u010cesk\u00e1 republika<br \/>\nwww.upce.cz<\/p>\n<p>\/ otev\u00edrac\u00ed doba:<br \/>\npond\u011bl\u00ed \u2013 p\u00e1tek 8:00 \u2013 19:00<br \/>\nsobota \u2013 ned\u011ble 13:00 \u2013 18:00<\/p>\n<p>Jednotliv\u00e9 pozv\u00e1nky vystavuj\u00edc\u00edch um\u011blc\u016f:<\/p>\n<p><a href=\"http:\/\/utesla.cz.fre02.vas-server.cz\/wp-content\/uploads\/9060-pozvanka-brabenec-s.jpg\"><\/a><a href=\"http:\/\/utesla.cz.fre02.vas-server.cz\/wp-content\/uploads\/9060-pozvanka-fararova-s.jpg\"><\/a><a href=\"http:\/\/utesla.cz.fre02.vas-server.cz\/wp-content\/uploads\/9060-pozvanka-brabenec-s.jpg\"><img decoding=\"async\" class=\"alignnone size-full wp-image-247\" title=\"90&amp;60-pozvanka-brabenec-s\" src=\"http:\/\/utesla.cz.fre02.vas-server.cz\/wp-content\/uploads\/9060-pozvanka-brabenec-s.jpg\" alt=\"\" width=\"170\" height=\"120\" \/><\/a> <a href=\"http:\/\/utesla.cz.fre02.vas-server.cz\/wp-content\/uploads\/9060-pozvanka-fararova-s.jpg\"><img decoding=\"async\" class=\"alignnone size-full wp-image-248\" title=\"90&amp;60-pozvanka-fararova-s\" src=\"http:\/\/utesla.cz.fre02.vas-server.cz\/wp-content\/uploads\/9060-pozvanka-fararova-s.jpg\" alt=\"\" width=\"120\" height=\"170\" \/><\/a> <a href=\"http:\/\/utesla.cz.fre02.vas-server.cz\/wp-content\/uploads\/9060-pozvanka-rafael-s.jpg\"><img loading=\"lazy\" decoding=\"async\" class=\"alignnone size-full wp-image-249\" title=\"90&amp;60-pozvanka-rafael-s\" src=\"http:\/\/utesla.cz.fre02.vas-server.cz\/wp-content\/uploads\/9060-pozvanka-rafael-s.jpg\" alt=\"\" width=\"170\" height=\"120\" \/><\/a> <a href=\"http:\/\/utesla.cz.fre02.vas-server.cz\/wp-content\/uploads\/9060-pozvanka-suska-s.jpg\"><img loading=\"lazy\" decoding=\"async\" title=\"90&amp;60-pozvanka-suska-s\" src=\"http:\/\/utesla.cz.fre02.vas-server.cz\/wp-content\/uploads\/9060-pozvanka-suska-s.jpg\" alt=\"\" width=\"170\" height=\"120\" \/><\/a><a href=\"http:\/\/utesla.cz.fre02.vas-server.cz\/wp-content\/uploads\/9060-pozvanka-rafael-s1.jpg\"><\/a><a href=\"http:\/\/utesla.cz.fre02.vas-server.cz\/wp-content\/uploads\/9060-pozvanka-suska-s.jpg\"><\/a><!--:--><\/p>\n","protected":false},"excerpt":{"rendered":"<p><!--:cs-->Uskupen\u00ed Tesla o.s. a Univerzita Pardubice, Fakulta chemicko-technologick\u00e1 V\u00e1s srde\u010dn\u011b zvou ve \u010dtvrtek 14. 10. 2010 v 17:30 na zah\u00e1jen\u00ed druh\u00e9 \u010d\u00e1sti autorsk\u00fdch v\u00fdstav ve foyer FChT Univerzity Pardubice \/ Tesla Union and University of Pardubice cordially invite you to the opening of the second part of the 90&#038;60 exhibitions on Thursday 14.10. 2010 at 17:30 in the foyer of the Faculty of Chemical Technology University of Pardubice<br \/>\n<!--:--><\/p>\n","protected":false},"author":3,"featured_media":0,"comment_status":"open","ping_status":"closed","sticky":false,"template":"","format":"standard","meta":{"site-sidebar-layout":"default","site-content-layout":"","ast-site-content-layout":"","site-content-style":"default","site-sidebar-style":"default","ast-global-header-display":"","ast-banner-title-visibility":"","ast-main-header-display":"","ast-hfb-above-header-display":"","ast-hfb-below-header-display":"","ast-hfb-mobile-header-display":"","site-post-title":"","ast-breadcrumbs-content":"","ast-featured-img":"","footer-sml-layout":"","theme-transparent-header-meta":"","adv-header-id-meta":"","stick-header-meta":"","header-above-stick-meta":"","header-main-stick-meta":"","header-below-stick-meta":"","astra-migrate-meta-layouts":"default","ast-page-background-enabled":"default","ast-page-background-meta":{"desktop":{"background-color":"var(--ast-global-color-4)","background-image":"","background-repeat":"repeat","background-position":"center center","background-size":"auto","background-attachment":"scroll","background-type":"","background-media":"","overlay-type":"","overlay-color":"","overlay-opacity":"","overlay-gradient":""},"tablet":{"background-color":"","background-image":"","background-repeat":"repeat","background-position":"center center","background-size":"auto","background-attachment":"scroll","background-type":"","background-media":"","overlay-type":"","overlay-color":"","overlay-opacity":"","overlay-gradient":""},"mobile":{"background-color":"","background-image":"","background-repeat":"repeat","background-position":"center center","background-size":"auto","background-attachment":"scroll","background-type":"","background-media":"","overlay-type":"","overlay-color":"","overlay-opacity":"","overlay-gradient":""}},"ast-content-background-meta":{"desktop":{"background-color":"var(--ast-global-color-5)","background-image":"","background-repeat":"repeat","background-position":"center center","background-size":"auto","background-attachment":"scroll","background-type":"","background-media":"","overlay-type":"","overlay-color":"","overlay-opacity":"","overlay-gradient":""},"tablet":{"background-color":"var(--ast-global-color-5)","background-image":"","background-repeat":"repeat","background-position":"center center","background-size":"auto","background-attachment":"scroll","background-type":"","background-media":"","overlay-type":"","overlay-color":"","overlay-opacity":"","overlay-gradient":""},"mobile":{"background-color":"var(--ast-global-color-5)","background-image":"","background-repeat":"repeat","background-position":"center center","background-size":"auto","background-attachment":"scroll","background-type":"","background-media":"","overlay-type":"","overlay-color":"","overlay-opacity":"","overlay-gradient":""}},"footnotes":""},"categories":[7,8],"tags":[],"class_list":["post-207","post","type-post","status-publish","format-standard","hentry","category-realizovane-akce","category-umeni-cat"],"_links":{"self":[{"href":"https:\/\/utesla.cz\/gama\/index.php?rest_route=\/wp\/v2\/posts\/207","targetHints":{"allow":["GET"]}}],"collection":[{"href":"https:\/\/utesla.cz\/gama\/index.php?rest_route=\/wp\/v2\/posts"}],"about":[{"href":"https:\/\/utesla.cz\/gama\/index.php?rest_route=\/wp\/v2\/types\/post"}],"author":[{"embeddable":true,"href":"https:\/\/utesla.cz\/gama\/index.php?rest_route=\/wp\/v2\/users\/3"}],"replies":[{"embeddable":true,"href":"https:\/\/utesla.cz\/gama\/index.php?rest_route=%2Fwp%2Fv2%2Fcomments&post=207"}],"version-history":[{"count":0,"href":"https:\/\/utesla.cz\/gama\/index.php?rest_route=\/wp\/v2\/posts\/207\/revisions"}],"wp:attachment":[{"href":"https:\/\/utesla.cz\/gama\/index.php?rest_route=%2Fwp%2Fv2%2Fmedia&parent=207"}],"wp:term":[{"taxonomy":"category","embeddable":true,"href":"https:\/\/utesla.cz\/gama\/index.php?rest_route=%2Fwp%2Fv2%2Fcategories&post=207"},{"taxonomy":"post_tag","embeddable":true,"href":"https:\/\/utesla.cz\/gama\/index.php?rest_route=%2Fwp%2Fv2%2Ftags&post=207"}],"curies":[{"name":"wp","href":"https:\/\/api.w.org\/{rel}","templated":true}]}}