{"id":2869,"date":"2016-04-18T19:23:48","date_gmt":"2016-04-18T19:23:48","guid":{"rendered":"http:\/\/utesla.cz\/?p=2869"},"modified":"2016-04-18T19:23:48","modified_gmt":"2016-04-18T19:23:48","slug":"kurt-gebauer-propoji-pardubicky-zamek-a-fcht-upa-zveme-vas-na-vernisaz-matice-zeme-20-4-do-vcg","status":"publish","type":"post","link":"https:\/\/utesla.cz\/gama\/?p=2869","title":{"rendered":"Kurt Gebauer propoj\u00ed Pardubick\u00fd z\u00e1mek a FChT UPa. Zveme V\u00e1s na vernis\u00e1\u017e Matice Zem\u011b 20.4. do V\u010cG"},"content":{"rendered":"<p>V\u00e1\u017een\u00ed p\u0159\u00e1tel\u00e9,<\/p>\n<p><strong>srde\u010dn\u011b V\u00e1s zveme na zah\u00e1jen\u00ed v\u00fdstavy: Kurt Gebauer &#8211; Matice zem\u011b<\/strong><\/p>\n<p>term\u00edn v\u00fdstavy:\u00a0<strong>20. 4. \u2013 10. 7. 2016<\/strong><\/p>\n<p>m\u00edsto kon\u00e1n\u00ed: <strong>V\u00fdchodo\u010desk\u00e1 galerie v Pardubic\u00edch, Z\u00e1mek \u010d. 3<\/strong><\/p>\n<p>vernis\u00e1\u017e:\u00a0<strong>20. 4. 2016 v 17:00 \u00a0 <\/strong>(pro z\u00e1stupce tisku ji\u017e v\u00a0<strong>16:30<\/strong>)<\/p>\n<p>tiskov\u00e1 zpr\u00e1va: \u00a0\u00a0<a href=\"http:\/\/pater.cz\/vcg\/tiskove-zpravy\/\" target=\"_blank\">http:\/\/pater.cz\/vcg\/tiskove-zpravy\/<\/a><\/p>\n<p>informace a obr\u00e1zky ke sta\u017een\u00ed: \u00a0\u00a0<a href=\"http:\/\/pater.cz\/vcg\/kurt-gebauer-matice-zeme\/\" target=\"_blank\">http:\/\/pater.cz\/vcg\/kurt-gebauer-matice-zeme\/<\/a><\/p>\n<p>Z\u00e1\u0161titu nad v\u00fdstavou p\u0159evzal 1. n\u00e1m\u011bstek hejtmana Pardubick\u00e9ho kraje Roman L\u00ednek.<\/p>\n<p>Star\u00e1 hradeck\u00e1 silnice a lipov\u00e1 alej spojuj\u00ed dv\u011b m\u00edsta \u2013 V\u00fdchodo\u010deskou galerii a ve\u0159ejn\u00fd prostor Fakulty chemicko-technologick\u00e9 Univerzity Pardubice, kde se setk\u00e1te s tvorbou Kurta Gebauera. Jde o v\u00fdjime\u010dnou p\u0159\u00edle\u017eitost pro studenty, pedagogy i zam\u011bstnance univerzity na stran\u011b jedn\u00e9 a n\u00e1v\u0161t\u011bvn\u00edky galerie a milce v\u00fdtvarn\u00e9ho um\u011bn\u00ed na stran\u011b druh\u00e9, sezn\u00e1mit se s d\u00edlem v\u00fdznamn\u00e9ho \u010desk\u00e9ho socha\u0159e a vysoko\u0161kolsk\u00e9ho pedagoga v odli\u0161n\u00fdch kontextech.<\/p>\n<p>Na fakult\u011b jsou k vid\u011bn\u00ed d\u00edla, kter\u00e1 prezentuj\u00ed osmiletou spolupr\u00e1ci autora v Uskupen\u00ed Tesla. Ta zapo\u010dala v roce 2009 soubornou v\u00fdstavou <em>nanoSKOP, <\/em>vytvo\u0159enou v r\u00e1mci <em>EURO nanofora<\/em>, kter\u00e1 byla na nov\u011b otev\u0159enou fakultu p\u0159em\u00edst\u011bna z Centra sou\u010dasn\u00e9ho um\u011bn\u00ed DOX. Na projekt nav\u00e1zala autorsk\u00e1 v\u00fdstava <em>NANO?<\/em> ANO! KURTANO. V letech 2012 \u2013 2014 se autor v\u00fdznamn\u011b pod\u00edlel na projektu <em>Idea Univerzity<\/em> zam\u011b\u0159en\u00e9m na posilov\u00e1n\u00ed interdisciplin\u00e1rn\u00ed komunikace, kritick\u00e9ho a kontextu\u00e1ln\u00edho my\u0161len\u00ed, kreativity a eticko \u2013 filozoficko \u2013 historick\u00e9ho r\u00e1mce v\u011bdy a um\u011bn\u00ed. Autorovy stopy a otisky po t\u011bchto aktivit\u00e1ch, d\u00e1le d\u00edla inspirovan\u00e1 pobytem v prostoru fakulty, v laborato\u0159\u00edch, u\u010debn\u00e1ch, posluch\u00e1rn\u00e1ch jsou sou\u010d\u00e1st\u00ed trval\u00e9 expozice <em>nanoSKOP<\/em> <em>\/ REDUX<\/em>, kter\u00e1 je k vid\u011bn\u00ed ve ve\u0159ejn\u00e9m prostoru fakulty.<\/p>\n<p>V pr\u016fb\u011bhu autorovy v\u00fdstavy ve V\u00fdchodo\u010desk\u00e9 galerii p\u0159ipravujeme na Fakult\u011b chemicko-technologick\u00e9 Univerzity Pardubice ve st\u0159edu <strong>15. 6. 2016<\/strong> od <strong>19:00<\/strong> do <strong>20:00<\/strong> spole\u010dnou vernis\u00e1\u017e s doprovodn\u00fdm programem <em>Colours of Pardubice<\/em>, p\u0159ipravovanou pro <em>Mezin\u00e1rodn\u00ed v\u011bdeck\u00fd kongres IFATCC<\/em>. Akce je ur\u010dena nejen \u00fa\u010dastn\u00edk\u016fm kongresu, ale i \u0161irok\u00e9 ve\u0159ejnosti. Jedna z ikon autorovy tvorby &#8211; <em>Trpasl\u00edci<\/em>, \u0159ecky <em>NANO<\/em>, budou na do\u010dasnou dobu okupovat foyer a p\u0159edn\u00e1\u0161kov\u00e9 s\u00e1ly fakulty, nebo\u0165 \u00fast\u0159edn\u00edm t\u00e9matem v\u011bdeck\u00fdch p\u0159edn\u00e1\u0161ek jsou novinky, aktu\u00e1ln\u00ed objevy a aplikace v oblasti chytr\u00fdch textili\u00ed a barviv, kter\u00e9 vyu\u017e\u00edvaj\u00ed jedine\u010dn\u00fdch vlastnost\u00ed hmoty o rozm\u011bru <em>nano <\/em><em>(10<sup>-9\u00a0<\/sup>metru).<\/em><\/p>\n<p>Alexandra Prokopov\u00e1<\/p>\n<p><a href=\"http:\/\/utesla.cz\/2016\/04\/kurt-gebauer-propoji-pardubicky-zamek-a-fcht-upa-zveme-vas-na-vernisaz-matice-zeme-20-4-do-vcg\/pozvanka-gebauer-mail\/\" rel=\"attachment wp-att-2870\">Pozv\u00e1nka Gebauer mail<\/a><\/p>\n","protected":false},"excerpt":{"rendered":"<p>V\u00e1\u017een\u00ed p\u0159\u00e1tel\u00e9, srde\u010dn\u011b V\u00e1s zveme na zah\u00e1jen\u00ed v\u00fdstavy: Kurt Gebauer &#8211; Matice zem\u011b term\u00edn v\u00fdstavy:\u00a020. 4. \u2013 10. 7. 2016 m\u00edsto kon\u00e1n\u00ed: V\u00fdchodo\u010desk\u00e1 galerie v Pardubic\u00edch, Z\u00e1mek \u010d. 3 vernis\u00e1\u017e:\u00a020. 4. 2016 v 17:00 \u00a0 (pro z\u00e1stupce tisku ji\u017e v\u00a016:30) tiskov\u00e1 zpr\u00e1va: \u00a0\u00a0http:\/\/pater.cz\/vcg\/tiskove-zpravy\/ informace a obr\u00e1zky ke sta\u017een\u00ed: \u00a0\u00a0http:\/\/pater.cz\/vcg\/kurt-gebauer-matice-zeme\/ Z\u00e1\u0161titu nad v\u00fdstavou p\u0159evzal 1. n\u00e1m\u011bstek [&hellip;]<\/p>\n","protected":false},"author":3,"featured_media":0,"comment_status":"closed","ping_status":"closed","sticky":false,"template":"","format":"standard","meta":{"site-sidebar-layout":"default","site-content-layout":"","ast-site-content-layout":"","site-content-style":"default","site-sidebar-style":"default","ast-global-header-display":"","ast-banner-title-visibility":"","ast-main-header-display":"","ast-hfb-above-header-display":"","ast-hfb-below-header-display":"","ast-hfb-mobile-header-display":"","site-post-title":"","ast-breadcrumbs-content":"","ast-featured-img":"","footer-sml-layout":"","theme-transparent-header-meta":"","adv-header-id-meta":"","stick-header-meta":"","header-above-stick-meta":"","header-main-stick-meta":"","header-below-stick-meta":"","astra-migrate-meta-layouts":"default","ast-page-background-enabled":"default","ast-page-background-meta":{"desktop":{"background-color":"var(--ast-global-color-4)","background-image":"","background-repeat":"repeat","background-position":"center center","background-size":"auto","background-attachment":"scroll","background-type":"","background-media":"","overlay-type":"","overlay-color":"","overlay-opacity":"","overlay-gradient":""},"tablet":{"background-color":"","background-image":"","background-repeat":"repeat","background-position":"center center","background-size":"auto","background-attachment":"scroll","background-type":"","background-media":"","overlay-type":"","overlay-color":"","overlay-opacity":"","overlay-gradient":""},"mobile":{"background-color":"","background-image":"","background-repeat":"repeat","background-position":"center center","background-size":"auto","background-attachment":"scroll","background-type":"","background-media":"","overlay-type":"","overlay-color":"","overlay-opacity":"","overlay-gradient":""}},"ast-content-background-meta":{"desktop":{"background-color":"var(--ast-global-color-5)","background-image":"","background-repeat":"repeat","background-position":"center center","background-size":"auto","background-attachment":"scroll","background-type":"","background-media":"","overlay-type":"","overlay-color":"","overlay-opacity":"","overlay-gradient":""},"tablet":{"background-color":"var(--ast-global-color-5)","background-image":"","background-repeat":"repeat","background-position":"center center","background-size":"auto","background-attachment":"scroll","background-type":"","background-media":"","overlay-type":"","overlay-color":"","overlay-opacity":"","overlay-gradient":""},"mobile":{"background-color":"var(--ast-global-color-5)","background-image":"","background-repeat":"repeat","background-position":"center center","background-size":"auto","background-attachment":"scroll","background-type":"","background-media":"","overlay-type":"","overlay-color":"","overlay-opacity":"","overlay-gradient":""}},"footnotes":""},"categories":[13,7,8],"tags":[],"class_list":["post-2869","post","type-post","status-publish","format-standard","hentry","category-actual","category-realizovane-akce","category-umeni-cat"],"_links":{"self":[{"href":"https:\/\/utesla.cz\/gama\/index.php?rest_route=\/wp\/v2\/posts\/2869","targetHints":{"allow":["GET"]}}],"collection":[{"href":"https:\/\/utesla.cz\/gama\/index.php?rest_route=\/wp\/v2\/posts"}],"about":[{"href":"https:\/\/utesla.cz\/gama\/index.php?rest_route=\/wp\/v2\/types\/post"}],"author":[{"embeddable":true,"href":"https:\/\/utesla.cz\/gama\/index.php?rest_route=\/wp\/v2\/users\/3"}],"replies":[{"embeddable":true,"href":"https:\/\/utesla.cz\/gama\/index.php?rest_route=%2Fwp%2Fv2%2Fcomments&post=2869"}],"version-history":[{"count":0,"href":"https:\/\/utesla.cz\/gama\/index.php?rest_route=\/wp\/v2\/posts\/2869\/revisions"}],"wp:attachment":[{"href":"https:\/\/utesla.cz\/gama\/index.php?rest_route=%2Fwp%2Fv2%2Fmedia&parent=2869"}],"wp:term":[{"taxonomy":"category","embeddable":true,"href":"https:\/\/utesla.cz\/gama\/index.php?rest_route=%2Fwp%2Fv2%2Fcategories&post=2869"},{"taxonomy":"post_tag","embeddable":true,"href":"https:\/\/utesla.cz\/gama\/index.php?rest_route=%2Fwp%2Fv2%2Ftags&post=2869"}],"curies":[{"name":"wp","href":"https:\/\/api.w.org\/{rel}","templated":true}]}}