{"id":3261,"date":"2017-11-15T08:41:31","date_gmt":"2017-11-15T08:41:31","guid":{"rendered":"http:\/\/utesla.cz\/?p=3261"},"modified":"2017-11-15T08:41:31","modified_gmt":"2017-11-15T08:41:31","slug":"nove-science-espresso-kdo-je-kdo-v-mykologii","status":"publish","type":"post","link":"https:\/\/utesla.cz\/gama\/?p=3261","title":{"rendered":"Science Espresso a oscarov\u00fd film: Kdo je kdo v mykologii"},"content":{"rendered":"<p>Petr Jan Jura\u010dka je skute\u010dn\u011b v\u0161estrann\u00fd v oblasti v\u011bdy i um\u011bn\u00ed. Biolog, finalista populariza\u010dn\u00ed sout\u011b\u017ee FameLab i spoluator oscarov\u00e9ho studentsk\u00e9ho sn\u00edmku <em>Kdo je kdo v mykologii<\/em> vystoup\u00ed na p\u0159\u00ed\u0161t\u00edm Science Espressu v\u00a0N\u00e1rodn\u00edm zem\u011bd\u011blsk\u00e9m muzeu v r\u00e1mci v\u00fdstavy Beyond The Lab: V\u00edce ne\u017e laborato\u0159. Prom\u00edt\u00e1n\u00ed filmu a p\u0159edn\u00e1\u0161ka se konaj\u00ed ve st\u0159edu 29. \u0159\u00edjna od 16:30.<\/p>\n<p>T\u011b\u0161\u00edme se na vid\u011bnou! V prosinci a lednu se pak m\u016f\u017eete t\u011b\u0161it na Science Espressa s v\u011bdci z N\u00e1rodn\u00edho \u00fastavu du\u0161evn\u00edho zdrav\u00ed a \u00dastavu pro \u017eivotn\u00ed prost\u0159ed\u00ed P\u0159F UK.<\/p>\n<p>Akci najdete i na <a href=\"https:\/\/www.nzm.cz\/akce\/science-espresso-kdo-je-kdo-v-mykologii-prolinani-vedy-a-umeni\" target=\"_blank\">webu muzea<\/a> a <a href=\"https:\/\/www.facebook.com\/events\/160063641264298\/\" target=\"_blank\">Facebooku<\/a>.<\/p>\n","protected":false},"excerpt":{"rendered":"<p>Petr Jan Jura\u010dka je skute\u010dn\u011b v\u0161estrann\u00fd v oblasti v\u011bdy i um\u011bn\u00ed. Biolog, finalista populariza\u010dn\u00ed sout\u011b\u017ee FameLab i spoluator oscarov\u00e9ho studentsk\u00e9ho sn\u00edmku Kdo je kdo v mykologii vystoup\u00ed na p\u0159\u00ed\u0161t\u00edm Science Espressu v\u00a0N\u00e1rodn\u00edm zem\u011bd\u011blsk\u00e9m muzeu v r\u00e1mci v\u00fdstavy Beyond The Lab: V\u00edce ne\u017e laborato\u0159. Prom\u00edt\u00e1n\u00ed filmu a p\u0159edn\u00e1\u0161ka se konaj\u00ed ve st\u0159edu 29. \u0159\u00edjna od 16:30. [&hellip;]<\/p>\n","protected":false},"author":8,"featured_media":0,"comment_status":"closed","ping_status":"closed","sticky":false,"template":"","format":"standard","meta":{"site-sidebar-layout":"default","site-content-layout":"","ast-site-content-layout":"","site-content-style":"default","site-sidebar-style":"default","ast-global-header-display":"","ast-banner-title-visibility":"","ast-main-header-display":"","ast-hfb-above-header-display":"","ast-hfb-below-header-display":"","ast-hfb-mobile-header-display":"","site-post-title":"","ast-breadcrumbs-content":"","ast-featured-img":"","footer-sml-layout":"","theme-transparent-header-meta":"","adv-header-id-meta":"","stick-header-meta":"","header-above-stick-meta":"","header-main-stick-meta":"","header-below-stick-meta":"","astra-migrate-meta-layouts":"default","ast-page-background-enabled":"default","ast-page-background-meta":{"desktop":{"background-color":"var(--ast-global-color-4)","background-image":"","background-repeat":"repeat","background-position":"center center","background-size":"auto","background-attachment":"scroll","background-type":"","background-media":"","overlay-type":"","overlay-color":"","overlay-opacity":"","overlay-gradient":""},"tablet":{"background-color":"","background-image":"","background-repeat":"repeat","background-position":"center center","background-size":"auto","background-attachment":"scroll","background-type":"","background-media":"","overlay-type":"","overlay-color":"","overlay-opacity":"","overlay-gradient":""},"mobile":{"background-color":"","background-image":"","background-repeat":"repeat","background-position":"center center","background-size":"auto","background-attachment":"scroll","background-type":"","background-media":"","overlay-type":"","overlay-color":"","overlay-opacity":"","overlay-gradient":""}},"ast-content-background-meta":{"desktop":{"background-color":"var(--ast-global-color-5)","background-image":"","background-repeat":"repeat","background-position":"center center","background-size":"auto","background-attachment":"scroll","background-type":"","background-media":"","overlay-type":"","overlay-color":"","overlay-opacity":"","overlay-gradient":""},"tablet":{"background-color":"var(--ast-global-color-5)","background-image":"","background-repeat":"repeat","background-position":"center center","background-size":"auto","background-attachment":"scroll","background-type":"","background-media":"","overlay-type":"","overlay-color":"","overlay-opacity":"","overlay-gradient":""},"mobile":{"background-color":"var(--ast-global-color-5)","background-image":"","background-repeat":"repeat","background-position":"center center","background-size":"auto","background-attachment":"scroll","background-type":"","background-media":"","overlay-type":"","overlay-color":"","overlay-opacity":"","overlay-gradient":""}},"footnotes":""},"categories":[13,14,10,11,8,12],"tags":[],"class_list":["post-3261","post","type-post","status-publish","format-standard","hentry","category-actual","category-future-events","category-ecology","category-spolecnost-cat","category-umeni-cat","category-veda-cat"],"_links":{"self":[{"href":"https:\/\/utesla.cz\/gama\/index.php?rest_route=\/wp\/v2\/posts\/3261","targetHints":{"allow":["GET"]}}],"collection":[{"href":"https:\/\/utesla.cz\/gama\/index.php?rest_route=\/wp\/v2\/posts"}],"about":[{"href":"https:\/\/utesla.cz\/gama\/index.php?rest_route=\/wp\/v2\/types\/post"}],"author":[{"embeddable":true,"href":"https:\/\/utesla.cz\/gama\/index.php?rest_route=\/wp\/v2\/users\/8"}],"replies":[{"embeddable":true,"href":"https:\/\/utesla.cz\/gama\/index.php?rest_route=%2Fwp%2Fv2%2Fcomments&post=3261"}],"version-history":[{"count":0,"href":"https:\/\/utesla.cz\/gama\/index.php?rest_route=\/wp\/v2\/posts\/3261\/revisions"}],"wp:attachment":[{"href":"https:\/\/utesla.cz\/gama\/index.php?rest_route=%2Fwp%2Fv2%2Fmedia&parent=3261"}],"wp:term":[{"taxonomy":"category","embeddable":true,"href":"https:\/\/utesla.cz\/gama\/index.php?rest_route=%2Fwp%2Fv2%2Fcategories&post=3261"},{"taxonomy":"post_tag","embeddable":true,"href":"https:\/\/utesla.cz\/gama\/index.php?rest_route=%2Fwp%2Fv2%2Ftags&post=3261"}],"curies":[{"name":"wp","href":"https:\/\/api.w.org\/{rel}","templated":true}]}}