{"id":36,"date":"2010-04-23T12:21:15","date_gmt":"2010-04-23T12:21:15","guid":{"rendered":"http:\/\/utesla.cz.fre02.vas-server.cz\/?p=36"},"modified":"2010-04-23T12:21:15","modified_gmt":"2010-04-23T12:21:15","slug":"vernisaz-6090","status":"publish","type":"post","link":"https:\/\/utesla.cz\/gama\/?p=36","title":{"rendered":"Jarn\u00ed vernis\u00e1\u017e 90&#038;60"},"content":{"rendered":"<p><!--:en--><\/p>\n<p><p><img decoding=\"async\" class=\"alignright  size-thumbnail wp-image-37\" title=\"90-60\" src=\"http:\/\/utesla.cz.fre02.vas-server.cz\/wp-content\/uploads\/90-601-150x150.jpg\" alt=\"\" width=\"150\" height=\"150\" \/>Uskupen\u00ed Tesla o.s. a Univerzita Pardubice, Fakulta chemickotechnologick\u00e1<br \/>\nV\u00e1s srde\u010dn\u011b zvou ve \u010dtvrtek 27. 5. 2010 v 17:00<br \/>\nna zah\u00e1jen\u00ed autorsk\u00fdch v\u00fdstav ve foyer FChT Univerzity Pardubice<\/p>\n<p><strong>60&amp;90<\/strong><\/p>\n<p>Irena J\u016fzov\u00e1, Pavel Kop\u0159iva, Adolf Lachman, Ladislav Pl\u00edhal<br \/>\nfotografie, kresby, objekty, video, textov\u00e9 instalace<br \/>\nUm\u011bn\u00ed, v\u011bda, technologie a T\u0159et\u00ed kultura &#8211; jak to vid\u00ed um\u011blci a jak v\u011bdci<\/p>\n<p>\/ \u00davodn\u00ed slovo:<br \/>\nV\u00edt Bou\u010dek, historik um\u011bn\u00ed<br \/>\nPetr Lo\u0161\u0165\u00e1k, d\u011bkan FCHT Univerzity Pardubice v jedn\u00e1n\u00ed<\/p>\n<p>\/ Program:<br \/>\n8:00 &#8211; 14:00 Den otev\u0159en\u00fdch dve\u0159\u00ed v Explosii a.s.<br \/>\nkomentovan\u00e9 prohl\u00eddky v tov\u00e1rn\u011b na l\u00e1tky v\u00fdbu\u0161n\u00e9<br \/>\n18:00 &#8211; Pecha Kucha Night v posluch\u00e1rn\u011b C2 na FChT Upa<br \/>\nskupinov\u00e1 p\u0159edn\u00e1\u0161ka um\u011blc\u016f, v\u011bdc\u016f, architekt\u016f, sociolog\u016f, filozof\u016f,<br \/>\nhistorik\u016f um\u011bn\u00ed<\/p>\n<p>Autorsk\u00e9 v\u00fdstavy otev\u00edraj\u00ed cyklus instalac\u00ed 90 &amp; 60 galerijn\u00edho projektu GAMA,<br \/>\nkter\u00e9 se konaj\u00ed v kontextu dvou v\u00fdznamn\u00fdch pardubick\u00fdch ud\u00e1lost\u00ed, kter\u00e9 si<br \/>\np\u0159ipomeneme pr\u00e1v\u011b v roce 2010. Jsou mal\u00fdm d\u00e1rkem k devades\u00e1t\u00e9mu v\u00fdro\u010d\u00ed<br \/>\nzalo\u017een\u00ed Explosie a.s., Tov\u00e1rny na l\u00e1tky v\u00fdbu\u0161n\u00e9 a \u0161edes\u00e1t\u00e9mu v\u00fdro\u010d\u00ed zalo\u017een\u00ed<br \/>\nvysok\u00e9ho chemick\u00e9ho \u0161kolstv\u00ed. V\u00fdstavy poukazuj\u00ed na toto pr\u016fmyslov\u00e9 d\u011bdictv\u00ed<br \/>\nPardubic, na jednotliv\u00e9 kulturn\u00ed vrstvy spojen\u00e9 s chemi\u00ed jako v\u011bdou a v\u00fdzkumem,<br \/>\n\u0161kolstv\u00edm, pr\u016fmyslem a industri\u00e1ln\u00edm prostorem.<\/p>\n<p>Z\u00e1\u0161titu p\u0159evzal d\u011bkan FCHT Univerzity Pardubice Petr Lo\u0161\u0165\u00e1k<br \/>\nZ\u00e1\u0161titu p\u0159evzala rada m\u011bsta Pardubic<\/p>\n<p>Fakulta chemicko-technologick\u00e1<br \/>\nUniverzity Pardubice, Studentsk\u00e1 95<br \/>\n532 10 Pardubice, \u010cesk\u00e1 republika<br \/>\nwww.upce.cz<\/p>\n<p>\/ otev\u00edrac\u00ed doba:<br \/>\npond\u011bl\u00ed \u2013 p\u00e1tek 8:00 \u2013 19:00<br \/>\nsobota \u2013 ned\u011ble 13:00 \u2013 18:00<\/p>\n<\/p>\n<p><!--:--><!--:cs--><img decoding=\"async\" class=\"alignright  size-thumbnail wp-image-37\" title=\"90-60\" src=\"http:\/\/utesla.cz.fre02.vas-server.cz\/wp-content\/uploads\/90-601-150x150.jpg\" alt=\"\" width=\"150\" height=\"150\" \/>Uskupen\u00ed Tesla o.s. a Univerzita Pardubice, Fakulta chemickotechnologick\u00e1<br \/>\nV\u00e1s srde\u010dn\u011b zvou ve \u010dtvrtek 27. 5. 2010 v 17:00<br \/>\nna zah\u00e1jen\u00ed autorsk\u00fdch v\u00fdstav ve foyer FChT Univerzity Pardubice<\/p>\n<p><strong>90&amp;60 <\/strong><\/p>\n<p>Irena J\u016fzov\u00e1, Pavel Kop\u0159iva, Adolf Lachman, Ladislav Pl\u00edhal<\/p>\n<p>fotografie, kresby, objekty, video, textov\u00e9 instalace<br \/>\nUm\u011bn\u00ed, v\u011bda, technologie a T\u0159et\u00ed kultura &#8211; jak to vid\u00ed um\u011blci a jak v\u011bdci<\/p>\n<p><a href=\"http:\/\/utesla.cz.fre02.vas-server.cz\/wp-content\/uploads\/Download.pdf\">Download<\/a><\/p>\n<p>\/ \u00davodn\u00ed slovo:<br \/>\nV\u00edt Bou\u010dek, historik um\u011bn\u00ed<br \/>\nPetr Lo\u0161\u0165\u00e1k, d\u011bkan FCHT Univerzity Pardubice v jedn\u00e1n\u00ed<\/p>\n<p>\/ Program:<br \/>\n8:00 &#8211; 14:00 Den otev\u0159en\u00fdch dve\u0159\u00ed v Explosii a.s.<br \/>\nkomentovan\u00e9 prohl\u00eddky v tov\u00e1rn\u011b na l\u00e1tky v\u00fdbu\u0161n\u00e9<br \/>\n18:00 &#8211; Pecha Kucha Night v posluch\u00e1rn\u011b C2 na FChT Upa<br \/>\nskupinov\u00e1 p\u0159edn\u00e1\u0161ka um\u011blc\u016f, v\u011bdc\u016f, architekt\u016f, sociolog\u016f, filozof\u016f,<br \/>\nhistorik\u016f um\u011bn\u00ed<\/p>\n<p>Autorsk\u00e9 v\u00fdstavy otev\u00edraj\u00ed cyklus instalac\u00ed 90 &amp; 60 galerijn\u00edho projektu GAMA,<br \/>\nkter\u00e9 se konaj\u00ed v kontextu dvou v\u00fdznamn\u00fdch pardubick\u00fdch ud\u00e1lost\u00ed, kter\u00e9 si<br \/>\np\u0159ipomeneme pr\u00e1v\u011b v roce 2010. Jsou mal\u00fdm d\u00e1rkem k devades\u00e1t\u00e9mu v\u00fdro\u010d\u00ed<br \/>\nzalo\u017een\u00ed Explosie a.s., Tov\u00e1rny na l\u00e1tky v\u00fdbu\u0161n\u00e9 a \u0161edes\u00e1t\u00e9mu v\u00fdro\u010d\u00ed zalo\u017een\u00ed<br \/>\nvysok\u00e9ho chemick\u00e9ho \u0161kolstv\u00ed. V\u00fdstavy poukazuj\u00ed na toto pr\u016fmyslov\u00e9 d\u011bdictv\u00ed<br \/>\nPardubic, na jednotliv\u00e9 kulturn\u00ed vrstvy spojen\u00e9 s chemi\u00ed jako v\u011bdou a v\u00fdzkumem,<br \/>\n\u0161kolstv\u00edm, pr\u016fmyslem a industri\u00e1ln\u00edm prostorem.<\/p>\n<p>Z\u00e1\u0161titu p\u0159evzal d\u011bkan FCHT Univerzity Pardubice Petr Lo\u0161\u0165\u00e1k<br \/>\nZ\u00e1\u0161titu p\u0159evzala rada m\u011bsta Pardubic<\/p>\n<p>Fakulta chemicko-technologick\u00e1<br \/>\nUniverzity Pardubice, Studentsk\u00e1 95<br \/>\n532 10 Pardubice, \u010cesk\u00e1 republika<br \/>\nwww.upce.cz<\/p>\n<p>\/ otev\u00edrac\u00ed doba:<br \/>\npond\u011bl\u00ed \u2013 p\u00e1tek 8:00 \u2013 19:00<br \/>\nsobota \u2013 ned\u011ble 13:00 \u2013 18:00<!--:--><\/p>\n","protected":false},"excerpt":{"rendered":"<p><!--:cs-->Uskupen\u00ed Tesla o.s. a Univerzita Pardubice, Fakulta chemickotechnologick\u00e1 V\u00e1s srde\u010dn\u011b zvou ve \u010dtvrtek 27. 5. 2010 v 17:00 na zah\u00e1jen\u00ed autorsk\u00fdch v\u00fdstav ve foyer FChT Univerzity Pardubice \/<\/p>\n<p><!--:--><\/p>\n","protected":false},"author":2,"featured_media":0,"comment_status":"open","ping_status":"closed","sticky":false,"template":"","format":"standard","meta":{"site-sidebar-layout":"default","site-content-layout":"","ast-site-content-layout":"","site-content-style":"default","site-sidebar-style":"default","ast-global-header-display":"","ast-banner-title-visibility":"","ast-main-header-display":"","ast-hfb-above-header-display":"","ast-hfb-below-header-display":"","ast-hfb-mobile-header-display":"","site-post-title":"","ast-breadcrumbs-content":"","ast-featured-img":"","footer-sml-layout":"","theme-transparent-header-meta":"","adv-header-id-meta":"","stick-header-meta":"","header-above-stick-meta":"","header-main-stick-meta":"","header-below-stick-meta":"","astra-migrate-meta-layouts":"default","ast-page-background-enabled":"default","ast-page-background-meta":{"desktop":{"background-color":"var(--ast-global-color-4)","background-image":"","background-repeat":"repeat","background-position":"center center","background-size":"auto","background-attachment":"scroll","background-type":"","background-media":"","overlay-type":"","overlay-color":"","overlay-opacity":"","overlay-gradient":""},"tablet":{"background-color":"","background-image":"","background-repeat":"repeat","background-position":"center center","background-size":"auto","background-attachment":"scroll","background-type":"","background-media":"","overlay-type":"","overlay-color":"","overlay-opacity":"","overlay-gradient":""},"mobile":{"background-color":"","background-image":"","background-repeat":"repeat","background-position":"center center","background-size":"auto","background-attachment":"scroll","background-type":"","background-media":"","overlay-type":"","overlay-color":"","overlay-opacity":"","overlay-gradient":""}},"ast-content-background-meta":{"desktop":{"background-color":"var(--ast-global-color-5)","background-image":"","background-repeat":"repeat","background-position":"center center","background-size":"auto","background-attachment":"scroll","background-type":"","background-media":"","overlay-type":"","overlay-color":"","overlay-opacity":"","overlay-gradient":""},"tablet":{"background-color":"var(--ast-global-color-5)","background-image":"","background-repeat":"repeat","background-position":"center center","background-size":"auto","background-attachment":"scroll","background-type":"","background-media":"","overlay-type":"","overlay-color":"","overlay-opacity":"","overlay-gradient":""},"mobile":{"background-color":"var(--ast-global-color-5)","background-image":"","background-repeat":"repeat","background-position":"center center","background-size":"auto","background-attachment":"scroll","background-type":"","background-media":"","overlay-type":"","overlay-color":"","overlay-opacity":"","overlay-gradient":""}},"footnotes":""},"categories":[7,8],"tags":[],"class_list":["post-36","post","type-post","status-publish","format-standard","hentry","category-realizovane-akce","category-umeni-cat"],"_links":{"self":[{"href":"https:\/\/utesla.cz\/gama\/index.php?rest_route=\/wp\/v2\/posts\/36","targetHints":{"allow":["GET"]}}],"collection":[{"href":"https:\/\/utesla.cz\/gama\/index.php?rest_route=\/wp\/v2\/posts"}],"about":[{"href":"https:\/\/utesla.cz\/gama\/index.php?rest_route=\/wp\/v2\/types\/post"}],"author":[{"embeddable":true,"href":"https:\/\/utesla.cz\/gama\/index.php?rest_route=\/wp\/v2\/users\/2"}],"replies":[{"embeddable":true,"href":"https:\/\/utesla.cz\/gama\/index.php?rest_route=%2Fwp%2Fv2%2Fcomments&post=36"}],"version-history":[{"count":0,"href":"https:\/\/utesla.cz\/gama\/index.php?rest_route=\/wp\/v2\/posts\/36\/revisions"}],"wp:attachment":[{"href":"https:\/\/utesla.cz\/gama\/index.php?rest_route=%2Fwp%2Fv2%2Fmedia&parent=36"}],"wp:term":[{"taxonomy":"category","embeddable":true,"href":"https:\/\/utesla.cz\/gama\/index.php?rest_route=%2Fwp%2Fv2%2Fcategories&post=36"},{"taxonomy":"post_tag","embeddable":true,"href":"https:\/\/utesla.cz\/gama\/index.php?rest_route=%2Fwp%2Fv2%2Ftags&post=36"}],"curies":[{"name":"wp","href":"https:\/\/api.w.org\/{rel}","templated":true}]}}