{"id":741,"date":"2011-09-04T17:08:33","date_gmt":"2011-09-04T17:08:33","guid":{"rendered":"http:\/\/utesla.cz\/?p=741"},"modified":"2011-09-04T17:08:33","modified_gmt":"2011-09-04T17:08:33","slug":"pozvani-na-vystavy-gama-13-10-2011","status":"publish","type":"post","link":"https:\/\/utesla.cz\/gama\/?p=741","title":{"rendered":"Pozv\u00e1n\u00ed na v\u00fdstavy Festivalu UTesla 2011"},"content":{"rendered":"<p><!--:cs-->13.10.2011 v 17:30 (program pro \u0161koly b\u011bhem cel\u00e9ho dne)<\/p>\n<p>UTesla srde\u010dn\u011b zve 13. \u0159\u00edjna 2011 do budovy Fakulty chemicko-technologick\u00e9 v Pardubic\u00edch  na <strong>t\u0159i v\u00fdstavy<\/strong> v\u00fdznamn\u00fdch \u010desk\u00fdch um\u011blc\u016f, kter\u00e9 doprovod\u00ed bohat\u00fd program (p\u0159edn\u00e1\u0161kov\u00e1 p\u00e1rty s Kurtem Gebauerem, Tom\u00e1\u0161em \u017di\u017ekou a Martinou V\u00edtkovou a komentovan\u00e1 prohl\u00eddka s autory, v\u011bdci a historiky um\u011bn\u00ed)<\/p>\n<p><strong>Kurt Gebauer &#8211; \u017divot je kr\u00e1sn\u00fd aneb KURT<span style=\"color: #c0c0c0;\">N<\/span>ANO<\/strong><\/p>\n<p>v\u00fdstava k sedmdes\u00e1t\u00fdm narozenin\u00e1m socha\u0159e, ak\u010dn\u00edho um\u011blce a pedagoga<\/p>\n<p><strong>Vladana Hajnov\u00e1 &#8211; Princip \u0159\u00e1du <\/strong>(kresby a objekty)<\/p>\n<p>sou\u010d\u00e1st\u00ed zah\u00e1jen\u00ed v\u00e1stavy bude performance autorky<\/p>\n<p>&nbsp;<\/p>\n<p>&nbsp;<\/p>\n<p>&nbsp;<\/p>\n<p>&nbsp;<\/p>\n<p>&nbsp;<\/p>\n<p>&nbsp;<\/p>\n<p>&nbsp;<\/p>\n<p>&nbsp;<\/p>\n<p>&nbsp;<\/p>\n<p>&nbsp;<\/p>\n<p>&nbsp;<\/p>\n<p>&nbsp;<\/p>\n<p>&nbsp;<\/p>\n<p>&nbsp;<\/p>\n<p>&nbsp;<\/p>\n<p>&nbsp;<\/p>\n<p>&nbsp;<\/p>\n<p>&nbsp;<\/p>\n<p>&nbsp;<\/p>\n<p>&nbsp;<\/p>\n<p>&nbsp;<\/p>\n<p>&nbsp;<\/p>\n<p>&nbsp;<\/p>\n<p>&nbsp;<\/p>\n<p>&nbsp;<\/p>\n<p>&nbsp;<\/p>\n<p>&nbsp;<\/p>\n<p>&nbsp;<\/p>\n<p style=\"text-align: left;\"><strong>Petr Mo\u0161ko &#8211; Retro SKOP<\/strong><\/p>\n<p>&nbsp;<\/p>\n<p>v\u00fdstava fotografi\u00ed z workshop\u016f a semin\u00e1\u0159\u016f konan\u00fdch p\u0159i festivalu Industrie CHEMIE na star\u00e9 FChT na n\u00e1m\u011bst\u00ed \u010csl. legi\u00ed Pardubice, kter\u00e1 dnes ji\u017e neexistuje (s\u00eddlo dne\u0161n\u00ed Fakulty elektrotechniky a informatiky)<\/p>\n<p>Ve\u010der je sou\u010d\u00e1st\u00ed tvo\u0159iv\u00e9ho projektu ISWA pro \u0161koly a skupiny z\u00e1jemc\u016f od 11 do 18 let.<\/p>\n<p><strong>Nab\u00eddka motiva\u010dn\u00ed akce pro \u0161koly<\/strong><\/p>\n<p>&nbsp;<\/p>\n<p>&nbsp;<\/p>\n<p>&nbsp;<\/p>\n<p>&nbsp;<\/p>\n<p>&nbsp;<\/p>\n<p>13. 10. 2011<\/p>\n<p>V\u011bdecko \u2013 um\u011bleck\u00e1 galerijn\u00ed animace v\u00fdtvarnice <strong>Lucie Far\u00e1\u0159ov\u00e9<\/strong> s odbornou p\u0159edn\u00e1\u0161kou <strong>Alexandry Prokopov\u00e9 <em>Radi\u00e1tor a Recykl\u00e1tor <\/em><\/strong>budou sou\u010d\u00e1st\u00ed workshopu, b\u011bhem n\u011bho\u017e si studenti vytvo\u0159\u00ed sci-fi komiks s autorem kr\u00e1tk\u00fdch p\u0159\u00edb\u011bh\u016f a strip\u016f <strong>Petrem Korunkou<\/strong>.<\/p>\n<p>Animace s <strong>Lindou \u010ciha\u0159ovou<\/strong> bude rovn\u011b\u017e zaj\u00edmav\u00e1. Autorka vystudovala um\u011bleck\u00fd obor nov\u00e1 m\u00e9dia a vy se dozv\u00edte, jak se li\u0161\u00ed jazyk nov\u00fdch m\u00e9di\u00ed od t\u011bch p\u016fvodn\u00edch, jimi\u017e jsou t\u0159eba obrazy, kresby nebo sochy.<\/p>\n<p><a rel=\"attachment wp-att-878\" href=\"http:\/\/utesla.cz\/?attachment_id=878\"><img fetchpriority=\"high\" decoding=\"async\" class=\"alignleft size-medium wp-image-878\" title=\"Plakat UTesla\" src=\"http:\/\/utesla.cz.fre02.vas-server.cz\/wp-content\/uploads\/Plakat-UTesla-191x300.jpg\" alt=\"\" width=\"191\" height=\"300\" \/><\/a><\/p>\n<p>&nbsp;<\/p>\n<p>&nbsp;<\/p>\n<p>&nbsp;<\/p>\n<p>&nbsp;<\/p>\n<p>&nbsp;<\/p>\n<p>&nbsp;<\/p>\n<p><a rel=\"attachment wp-att-879\" href=\"http:\/\/utesla.cz\/?attachment_id=879\">plakat-Festival-Utesla-2011<\/a><\/p>\n<p>Prohl\u00e9dn\u011bte si sn\u00edmky z jarn\u00edch workshop\u016f.<\/p>\n<p><strong><br \/>\n<\/strong><!--:--><\/p>\n","protected":false},"excerpt":{"rendered":"<p>13.10.2011 v 17:30 (program pro \u0161koly b\u011bhem cel\u00e9ho dne) UTesla srde\u010dn\u011b zve 13. \u0159\u00edjna 2011 do budovy Fakulty chemicko-technologick\u00e9 v Pardubic\u00edch na t\u0159i v\u00fdstavy v\u00fdznamn\u00fdch \u010desk\u00fdch um\u011blc\u016f, kter\u00e9 doprovod\u00ed bohat\u00fd program (p\u0159edn\u00e1\u0161kov\u00e1 p\u00e1rty s Kurtem Gebauerem, Tom\u00e1\u0161em \u017di\u017ekou a Martinou V\u00edtkovou a komentovan\u00e1 prohl\u00eddka s autory, v\u011bdci a historiky um\u011bn\u00ed) Kurt Gebauer &#8211; \u017divot je [&hellip;]<\/p>\n","protected":false},"author":5,"featured_media":0,"comment_status":"open","ping_status":"closed","sticky":false,"template":"","format":"standard","meta":{"site-sidebar-layout":"default","site-content-layout":"","ast-site-content-layout":"","site-content-style":"default","site-sidebar-style":"default","ast-global-header-display":"","ast-banner-title-visibility":"","ast-main-header-display":"","ast-hfb-above-header-display":"","ast-hfb-below-header-display":"","ast-hfb-mobile-header-display":"","site-post-title":"","ast-breadcrumbs-content":"","ast-featured-img":"","footer-sml-layout":"","theme-transparent-header-meta":"","adv-header-id-meta":"","stick-header-meta":"","header-above-stick-meta":"","header-main-stick-meta":"","header-below-stick-meta":"","astra-migrate-meta-layouts":"default","ast-page-background-enabled":"default","ast-page-background-meta":{"desktop":{"background-color":"var(--ast-global-color-4)","background-image":"","background-repeat":"repeat","background-position":"center center","background-size":"auto","background-attachment":"scroll","background-type":"","background-media":"","overlay-type":"","overlay-color":"","overlay-opacity":"","overlay-gradient":""},"tablet":{"background-color":"","background-image":"","background-repeat":"repeat","background-position":"center center","background-size":"auto","background-attachment":"scroll","background-type":"","background-media":"","overlay-type":"","overlay-color":"","overlay-opacity":"","overlay-gradient":""},"mobile":{"background-color":"","background-image":"","background-repeat":"repeat","background-position":"center center","background-size":"auto","background-attachment":"scroll","background-type":"","background-media":"","overlay-type":"","overlay-color":"","overlay-opacity":"","overlay-gradient":""}},"ast-content-background-meta":{"desktop":{"background-color":"var(--ast-global-color-5)","background-image":"","background-repeat":"repeat","background-position":"center center","background-size":"auto","background-attachment":"scroll","background-type":"","background-media":"","overlay-type":"","overlay-color":"","overlay-opacity":"","overlay-gradient":""},"tablet":{"background-color":"var(--ast-global-color-5)","background-image":"","background-repeat":"repeat","background-position":"center center","background-size":"auto","background-attachment":"scroll","background-type":"","background-media":"","overlay-type":"","overlay-color":"","overlay-opacity":"","overlay-gradient":""},"mobile":{"background-color":"var(--ast-global-color-5)","background-image":"","background-repeat":"repeat","background-position":"center center","background-size":"auto","background-attachment":"scroll","background-type":"","background-media":"","overlay-type":"","overlay-color":"","overlay-opacity":"","overlay-gradient":""}},"footnotes":""},"categories":[13,11,8,12],"tags":[],"class_list":["post-741","post","type-post","status-publish","format-standard","hentry","category-actual","category-spolecnost-cat","category-umeni-cat","category-veda-cat"],"_links":{"self":[{"href":"https:\/\/utesla.cz\/gama\/index.php?rest_route=\/wp\/v2\/posts\/741","targetHints":{"allow":["GET"]}}],"collection":[{"href":"https:\/\/utesla.cz\/gama\/index.php?rest_route=\/wp\/v2\/posts"}],"about":[{"href":"https:\/\/utesla.cz\/gama\/index.php?rest_route=\/wp\/v2\/types\/post"}],"author":[{"embeddable":true,"href":"https:\/\/utesla.cz\/gama\/index.php?rest_route=\/wp\/v2\/users\/5"}],"replies":[{"embeddable":true,"href":"https:\/\/utesla.cz\/gama\/index.php?rest_route=%2Fwp%2Fv2%2Fcomments&post=741"}],"version-history":[{"count":0,"href":"https:\/\/utesla.cz\/gama\/index.php?rest_route=\/wp\/v2\/posts\/741\/revisions"}],"wp:attachment":[{"href":"https:\/\/utesla.cz\/gama\/index.php?rest_route=%2Fwp%2Fv2%2Fmedia&parent=741"}],"wp:term":[{"taxonomy":"category","embeddable":true,"href":"https:\/\/utesla.cz\/gama\/index.php?rest_route=%2Fwp%2Fv2%2Fcategories&post=741"},{"taxonomy":"post_tag","embeddable":true,"href":"https:\/\/utesla.cz\/gama\/index.php?rest_route=%2Fwp%2Fv2%2Ftags&post=741"}],"curies":[{"name":"wp","href":"https:\/\/api.w.org\/{rel}","templated":true}]}}